{"id":3352,"date":"2026-09-03T17:38:28","date_gmt":"2026-09-03T15:38:28","guid":{"rendered":"https:\/\/worldhabitatdaycameroon.org\/fr\/?p=3352"},"modified":"2026-09-03T17:38:30","modified_gmt":"2026-09-03T15:38:30","slug":"jmh-2026-le-minhdu-veut-faire-de-maroua-un-laboratoire-didees-pour-lhabitat-de-demain-dans-le-cadre-du-mandat-des-grandes-esperances-du-chef-de-letat","status":"publish","type":"post","link":"https:\/\/worldhabitatdaycameroon.org\/fr\/jmh-2026-le-minhdu-veut-faire-de-maroua-un-laboratoire-didees-pour-lhabitat-de-demain-dans-le-cadre-du-mandat-des-grandes-esperances-du-chef-de-letat\/","title":{"rendered":"JMH 2026 : le MINHDU veut faire de Maroua un laboratoire d\u2019id\u00e9es pour l&rsquo;habitat de demain dans le cadre du Mandat des Grandes Esp\u00e9rances du Chef de l&rsquo;Etat."},"content":{"rendered":"\n<p class=\"wp-block-paragraph\">Les pr\u00e9paratifs de la 40\u1d49 Journ\u00e9e mondiale de l\u2019Habitat que la ville de Maroua accueillera du 28 septembre au 05 octobre 2026 s\u2019intensifient.<\/p>\n\n\n\n<p class=\"wp-block-paragraph\">Le Secr\u00e9taire G\u00e9n\u00e9ral du MINHDU, le Pr Mathurin NNA, Repr\u00e9sentant de Mme le Ministre, a pr\u00e9sid\u00e9 ce 18 ao\u00fbt une importante r\u00e9union d&rsquo;information des partenaires de la JMH. On a not\u00e9 la pr\u00e9sence du Repr\u00e9sentant R\u00e9sident du PNUD au Cameroun, les entreprises publiques et priv\u00e9es et les organismes nationaux et internationaux.<\/p>\n\n\n\n<p class=\"wp-block-paragraph\">Les \u00e9changes ont port\u00e9 sur les objectifs de la JMH, les principales S\u00e9quences pr\u00e9vues, les possibilit\u00e9s de partenariat, ainsi que des innovations.Les partenaires sont invit\u00e9s \u00e0 participer au Village de l&rsquo;Habitat suivant les modalit\u00e9s pr\u00e9sent\u00e9es par le Prestataire qui se rapprochera d&rsquo;eux \u00e0 l&rsquo;issue de la r\u00e9union.<\/p>\n\n\n\n<p class=\"wp-block-paragraph\">Au-del\u00e0 de la C\u00e9l\u00e9bration, la JMH 2026 entend \u00eatre un espace de r\u00e9flexion et de dialogue sur les d\u00e9fis mais \u00e9galement les opportunit\u00e9s du logement d\u00e9cent au Cameroun. Les probl\u00e9matiques telles que le foncier, le financement, les technologies de construction, le lien entre logement et sant\u00e9, pour une transformation durable, inclusive et r\u00e9siliente de nos villes seront abord\u00e9es avec une attention particuli\u00e8re \u00e0 la dignit\u00e9 humaine et \u00e0 l&rsquo;inclusion des jeunes et des femmes.<\/p>\n\n\n\n<p class=\"wp-block-paragraph\"><\/p>\n\n\n\n<figure class=\"wp-block-gallery has-nested-images columns-default is-cropped wp-block-gallery-1 is-layout-flex wp-block-gallery-is-layout-flex\">\n<figure class=\"wp-block-image size-large\"><img loading=\"lazy\" decoding=\"async\" width=\"1024\" height=\"768\" data-id=\"3357\" src=\"https:\/\/worldhabitatdaycameroon.org\/wp-content\/uploads\/2026\/09\/IMG-4-1024x768.jpeg\" alt=\"\" class=\"wp-image-3357\" srcset=\"https:\/\/worldhabitatdaycameroon.org\/wp-content\/uploads\/2026\/09\/IMG-4-980x551.jpeg 980w, https:\/\/worldhabitatdaycameroon.org\/wp-content\/uploads\/2026\/09\/IMG-4-480x270.jpeg 480w\" sizes=\"(min-width: 0px) and (max-width: 480px) 480px, (min-width: 481px) and (max-width: 980px) 980px, (min-width: 981px) 1024px, 100vw\" \/><\/figure>\n\n\n\n<figure class=\"wp-block-image size-large\"><img loading=\"lazy\" decoding=\"async\" width=\"1024\" height=\"768\" data-id=\"3356\" src=\"https:\/\/worldhabitatdaycameroon.org\/wp-content\/uploads\/2026\/09\/IMG-3-1024x768.jpeg\" alt=\"\" class=\"wp-image-3356\" srcset=\"https:\/\/worldhabitatdaycameroon.org\/wp-content\/uploads\/2026\/09\/IMG-3-980x551.jpeg 980w, https:\/\/worldhabitatdaycameroon.org\/wp-content\/uploads\/2026\/09\/IMG-3-480x270.jpeg 480w\" sizes=\"(min-width: 0px) and (max-width: 480px) 480px, (min-width: 481px) and (max-width: 980px) 980px, (min-width: 981px) 1024px, 100vw\" \/><\/figure>\n\n\n\n<figure class=\"wp-block-image size-large\"><img loading=\"lazy\" decoding=\"async\" width=\"1024\" height=\"768\" data-id=\"3358\" src=\"https:\/\/worldhabitatdaycameroon.org\/wp-content\/uploads\/2026\/09\/IMG-2-1024x768.jpeg\" alt=\"\" class=\"wp-image-3358\" srcset=\"https:\/\/worldhabitatdaycameroon.org\/wp-content\/uploads\/2026\/09\/IMG-2-980x551.jpeg 980w, https:\/\/worldhabitatdaycameroon.org\/wp-content\/uploads\/2026\/09\/IMG-2-480x270.jpeg 480w\" sizes=\"(min-width: 0px) and (max-width: 480px) 480px, (min-width: 481px) and (max-width: 980px) 980px, (min-width: 981px) 1024px, 100vw\" \/><\/figure>\n\n\n\n<figure class=\"wp-block-image size-large\"><img loading=\"lazy\" decoding=\"async\" width=\"1024\" height=\"768\" data-id=\"3355\" src=\"https:\/\/worldhabitatdaycameroon.org\/wp-content\/uploads\/2026\/09\/IMG-0-1024x768.jpeg\" alt=\"\" class=\"wp-image-3355\" srcset=\"https:\/\/worldhabitatdaycameroon.org\/wp-content\/uploads\/2026\/09\/IMG-0-980x551.jpeg 980w, https:\/\/worldhabitatdaycameroon.org\/wp-content\/uploads\/2026\/09\/IMG-0-480x270.jpeg 480w\" sizes=\"(min-width: 0px) and (max-width: 480px) 480px, (min-width: 481px) and (max-width: 980px) 980px, (min-width: 981px) 1024px, 100vw\" \/><\/figure>\n<\/figure>\n\n\n\n<p class=\"wp-block-paragraph\"><\/p>\n\n\n\n<div class=\"wp-block-columns is-layout-flex wp-container-core-columns-is-layout-8f761849 wp-block-columns-is-layout-flex\">\n<div class=\"wp-block-column is-layout-flow wp-block-column-is-layout-flow\">\n<figure class=\"wp-block-video\"><video height=\"576\" style=\"aspect-ratio: 1024 \/ 576;\" width=\"1024\" controls src=\"https:\/\/worldhabitatdaycameroon.org\/wp-content\/uploads\/2026\/09\/PrepaJMH-Interv-01.mp4\"><\/video><\/figure>\n<\/div>\n\n\n\n<div class=\"wp-block-column is-layout-flow wp-block-column-is-layout-flow\">\n<figure class=\"wp-block-video\"><video height=\"576\" style=\"aspect-ratio: 1024 \/ 576;\" width=\"1024\" controls src=\"https:\/\/worldhabitatdaycameroon.org\/wp-content\/uploads\/2026\/09\/PrepaJMH-Interv-02.mp4\"><\/video><\/figure>\n<\/div>\n<\/div>\n\n\n\n<p class=\"wp-block-paragraph\"><\/p>\n","protected":false},"excerpt":{"rendered":"<p>Les pr\u00e9paratifs de la 40\u1d49 Journ\u00e9e mondiale de l\u2019Habitat que la ville de Maroua accueillera du 28 septembre au 05 octobre 2026 s\u2019intensifient. Le Secr\u00e9taire G\u00e9n\u00e9ral du MINHDU, le Pr Mathurin NNA, Repr\u00e9sentant de Mme le Ministre, a pr\u00e9sid\u00e9 ce 18 ao\u00fbt une importante r\u00e9union d&rsquo;information des partenaires de la JMH. On a not\u00e9 la [&hellip;]<\/p>\n","protected":false},"author":1,"featured_media":3354,"comment_status":"open","ping_status":"open","sticky":false,"template":"","format":"standard","meta":{"_et_pb_use_builder":"off","_et_pb_old_content":"","_et_gb_content_width":"","loftloader_page_shortcode":"","footnotes":""},"categories":[24],"tags":[],"class_list":["post-3352","post","type-post","status-publish","format-standard","has-post-thumbnail","hentry","category-actualites"],"_links":{"self":[{"href":"https:\/\/worldhabitatdaycameroon.org\/fr\/wp-json\/wp\/v2\/posts\/3352","targetHints":{"allow":["GET"]}}],"collection":[{"href":"https:\/\/worldhabitatdaycameroon.org\/fr\/wp-json\/wp\/v2\/posts"}],"about":[{"href":"https:\/\/worldhabitatdaycameroon.org\/fr\/wp-json\/wp\/v2\/types\/post"}],"author":[{"embeddable":true,"href":"https:\/\/worldhabitatdaycameroon.org\/fr\/wp-json\/wp\/v2\/users\/1"}],"replies":[{"embeddable":true,"href":"https:\/\/worldhabitatdaycameroon.org\/fr\/wp-json\/wp\/v2\/comments?post=3352"}],"version-history":[{"count":1,"href":"https:\/\/worldhabitatdaycameroon.org\/fr\/wp-json\/wp\/v2\/posts\/3352\/revisions"}],"predecessor-version":[{"id":3361,"href":"https:\/\/worldhabitatdaycameroon.org\/fr\/wp-json\/wp\/v2\/posts\/3352\/revisions\/3361"}],"wp:featuredmedia":[{"embeddable":true,"href":"https:\/\/worldhabitatdaycameroon.org\/fr\/wp-json\/wp\/v2\/media\/3354"}],"wp:attachment":[{"href":"https:\/\/worldhabitatdaycameroon.org\/fr\/wp-json\/wp\/v2\/media?parent=3352"}],"wp:term":[{"taxonomy":"category","embeddable":true,"href":"https:\/\/worldhabitatdaycameroon.org\/fr\/wp-json\/wp\/v2\/categories?post=3352"},{"taxonomy":"post_tag","embeddable":true,"href":"https:\/\/worldhabitatdaycameroon.org\/fr\/wp-json\/wp\/v2\/tags?post=3352"}],"curies":[{"name":"wp","href":"https:\/\/api.w.org\/{rel}","templated":true}]}}